{"id":495,"date":"2026-01-19T18:17:43","date_gmt":"2026-01-19T18:17:43","guid":{"rendered":"https:\/\/www.momparquitectura.com\/blog\/?p=495"},"modified":"2026-01-19T18:17:43","modified_gmt":"2026-01-19T18:17:43","slug":"5-estaciones-de-tren-clasicas-que-son-autenticas-joyas-arquitectonicas","status":"publish","type":"post","link":"https:\/\/www.momparquitectura.com\/blog\/arquitectura\/5-estaciones-de-tren-clasicas-que-son-autenticas-joyas-arquitectonicas\/","title":{"rendered":"5 estaciones de tren cl\u00e1sicas que son aut\u00e9nticas joyas arquitect\u00f3nicas"},"content":{"rendered":"<p>Durante d\u00e9cadas, <strong>las estaciones de tren fueron la verdadera puerta de entrada a las ciudades<\/strong>. Antes de los aeropuertos, antes de las autopistas, el tren era el medio por el que los viajeros llegaban a un lugar desconocido. Y la estaci\u00f3n era lo primero que ve\u00edan: la primera impresi\u00f3n, la carta de presentaci\u00f3n arquitect\u00f3nica de una ciudad que quer\u00eda mostrar su car\u00e1cter, su ambici\u00f3n, su identidad.<br \/>\nPor eso, las grandes estaciones no eran simplemente una infraestructura m\u00e1s. Eran declaraciones de intenciones. Un espacio monumental que dec\u00eda: <strong><em>\u00abBienvenido, esto es qui\u00e9nes somos\u00bb.<\/em><\/strong><\/p>\n<p>Ciudades enteras destinaron presupuestos extraordinarios a construir terminales ferroviarias que funcionaran como catedrales laicas, como palacios p\u00fablicos, como <strong>escenarios donde la llegada y la despedida adquir\u00edan una dimensi\u00f3n \u00e9pica.<\/strong><\/p>\n<p>Aunque hoy los aeropuertos han asumido parte de ese papel, algunas estaciones conservan intacta esa capacidad de impresionar al viajero. <strong>Recorremos cinco terminales operativas que, desde su inauguraci\u00f3n hasta hoy, siguen funcionando como umbrales arquitect\u00f3nicos:<\/strong> espacios donde la ciudad te recibe y donde, antes de pisar la calle, ya entiendes algo esencial sobre el lugar al que has llegado.<\/p>\n<h2><strong>Chhatrapati Shivaji Terminus (Mumbai)<\/strong><\/h2>\n<p>Dise\u00f1ada por el arquitecto brit\u00e1nico<strong> Frederick William Stevens<\/strong> en estilo g\u00f3tico victoriano, la terminal fue nombrada originalmente Victoria Terminus para conmemorar el Jubileo de Oro de la reina Victoria. Su c\u00fapula de piedra, sus torrecillas, sus arcos apuntados y su planta exc\u00e9ntrica revelan <strong>una s\u00edntesis entre los modelos g\u00f3ticos italianos de finales de la Edad Media y la arquitectura palacial india tradicional.<\/strong><\/p>\n<p>Lo m\u00e1s notable de esta estaci\u00f3n <strong>no es solo su arquitectura sino el proceso colaborativo que la hizo posible:<\/strong> arquitectos brit\u00e1nicos trabajaron junto a artesanos indios de la Sir Jamsetjee Jeejebhoy School of Art para integrar motivos decorativos, tallas en madera, barandillas ornamentales y azulejos que responden a la tradici\u00f3n india.<\/p>\n<p>El resultado es un estilo \u00fanico, espec\u00edfico de Bombay, que representaba con precisi\u00f3n el papel de la ciudad como puerta de entrada de la India hacia Occidente. D<strong>eclarada Patrimonio de la Humanidad por UNESCO en 2004<\/strong>, la estaci\u00f3n gestiona m\u00e1s de tres millones de pasajeros diarios y sigue siendo el segundo monumento m\u00e1s fotografiado de la India.<\/p>\n<p>En su c\u00fapula central,<strong> una estatua de m\u00e1rmol titulada \u00abProgreso\u00bb sostiene una antorcha y una rueda con radios<\/strong>, s\u00edmbolos del conocimiento y el transporte que definieron la era ferroviaria.<\/p>\n<figure id=\"attachment_496\" aria-describedby=\"caption-attachment-496\" style=\"width: 1014px\" class=\"wp-caption alignnone\"><img fetchpriority=\"high\" decoding=\"async\" class=\"size-large wp-image-496\" src=\"https:\/\/www.momparquitectura.com\/blog\/wp-content\/uploads\/2026\/01\/Chhatrapati-Shivaji-Terminus-situada-en-la-ciudad-de-Mumbai-en-la-India-1-1024x671.jpg\" alt=\"Foto de la Chhatrapati Shivaji Terminus, situada en la ciudad de Mumbai, en la India.\" width=\"1024\" height=\"671\" srcset=\"https:\/\/www.momparquitectura.com\/blog\/wp-content\/uploads\/2026\/01\/Chhatrapati-Shivaji-Terminus-situada-en-la-ciudad-de-Mumbai-en-la-India-1-1024x671.jpg 1024w, https:\/\/www.momparquitectura.com\/blog\/wp-content\/uploads\/2026\/01\/Chhatrapati-Shivaji-Terminus-situada-en-la-ciudad-de-Mumbai-en-la-India-1-300x197.jpg 300w, https:\/\/www.momparquitectura.com\/blog\/wp-content\/uploads\/2026\/01\/Chhatrapati-Shivaji-Terminus-situada-en-la-ciudad-de-Mumbai-en-la-India-1-768x504.jpg 768w, https:\/\/www.momparquitectura.com\/blog\/wp-content\/uploads\/2026\/01\/Chhatrapati-Shivaji-Terminus-situada-en-la-ciudad-de-Mumbai-en-la-India-1-1536x1007.jpg 1536w, https:\/\/www.momparquitectura.com\/blog\/wp-content\/uploads\/2026\/01\/Chhatrapati-Shivaji-Terminus-situada-en-la-ciudad-de-Mumbai-en-la-India-1-2048x1343.jpg 2048w\" sizes=\"(max-width: 1024px) 100vw, 1024px\" \/><figcaption id=\"caption-attachment-496\" class=\"wp-caption-text\">Chhatrapati Shivaji Terminus, situada en la ciudad de Mumbai, en la India.<\/figcaption><\/figure>\n<p>&nbsp;<\/p>\n<h2><strong>Grand Central Terminal (Nueva York)<\/strong><\/h2>\n<p>Inaugurada en 1913, <strong>Grand Central Terminal es probablemente la estaci\u00f3n m\u00e1s ic\u00f3nica del mundo.<\/strong> Su arquitectura Beaux-Arts, con techos altos y escalinatas monumentales, la convierte en un referente del dise\u00f1o ferroviario estadounidense.<\/p>\n<p>El vest\u00edbulo principal est\u00e1 coronado por un mural del cielo estrellado que oculta una peculiaridad fascinante: <strong>las constelaciones est\u00e1n representadas en sentido inverso, un error que gener\u00f3 fascinaci\u00f3n entre visitantes y expertos durante d\u00e9cadas.<\/strong><\/p>\n<p>Con un flujo de <strong>m\u00e1s de 750.000 personas diarias,<\/strong> es un monumento vivo de la historia ferroviaria de Estados Unidos. M\u00e1s all\u00e1 de su funci\u00f3n, Grand Central se consolid\u00f3 como s\u00edmbolo cultural de Nueva York, apareciendo en pel\u00edculas como <em>Con la muerte en los talones<\/em> y <em>Los Vengadores<\/em>.<\/p>\n<p><strong>Construida y dise\u00f1ada por el espa\u00f1ol Rafael Guastavino<\/strong>, detr\u00e1s de las florituras decorativas de la estaci\u00f3n se esconden soluciones ingenieriles que la hacen pr\u00e1ctica y c\u00f3moda, demostrando que belleza y funcionalidad no son conceptos opuestos. La estaci\u00f3n no solo revitaliz\u00f3 el centro de Manhattan cuando se inaugur\u00f3, <strong>sino que lo humaniz\u00f3 como un espacio de encuentro p\u00fablico donde arquitectura e infraestructura convergen.<\/strong><\/p>\n<figure id=\"attachment_497\" aria-describedby=\"caption-attachment-497\" style=\"width: 620px\" class=\"wp-caption aligncenter\"><img decoding=\"async\" class=\"wp-image-497 size-full\" src=\"https:\/\/www.momparquitectura.com\/blog\/wp-content\/uploads\/2026\/01\/Grand-Central-Station.png\" alt=\"Foto de la Grand Central Terminal de Nueva York, uno de los iconos de Manhattan.\" width=\"630\" height=\"420\" srcset=\"https:\/\/www.momparquitectura.com\/blog\/wp-content\/uploads\/2026\/01\/Grand-Central-Station.png 630w, https:\/\/www.momparquitectura.com\/blog\/wp-content\/uploads\/2026\/01\/Grand-Central-Station-300x200.png 300w\" sizes=\"(max-width: 630px) 100vw, 630px\" \/><figcaption id=\"caption-attachment-497\" class=\"wp-caption-text\">La Grand Central Terminal de Nueva York e uno de los iconos de Manhattan.<\/figcaption><\/figure>\n<p><!-- notionvc: fcbdc217-b3e7-4d7f-924e-b129da5ee91c --><\/p>\n<p>&nbsp;<\/p>\n<h2><strong>S\u00e3o Bento (Oporto)<\/strong><\/h2>\n<p>La estaci\u00f3n de <strong>S\u00e3o Bento en Oporto<\/strong> es probablemente la terminal m\u00e1s fotografiada de Portugal, y con raz\u00f3n. Inaugurada en 1916 sobre los restos de un convento benedictino del siglo XVI, su vest\u00edbulo est\u00e1 revestido con aproximadamente 20.000 azulejos que cubren 551 metros cuadrados. Los murales representan momentos cruciales de la historia portuguesa: <strong>la batalla de Arcos de Valdevez, la conquista de Ceuta, la entrada del rey Juan I en Oporto, y escenas rurales que muestran la vida cotidiana en diferentes regiones del pa\u00eds.<\/strong><\/p>\n<p>Los azulejos fueron dise\u00f1ados y pintados por <strong>Jorge Cola\u00e7o entre 1905 y 1916, requiriendo 11 a\u00f1os<\/strong> para completar el proyecto. El artista, nacido en T\u00e1nger e hijo de un diplomata portugu\u00e9s, se especializ\u00f3 en decorar grandes superficies con azulejos y desarroll\u00f3 t\u00e9cnicas innovadoras como la aplicaci\u00f3n de serigraf\u00eda sobre cer\u00e1mica.<\/p>\n<p>El edificio, d<strong>ise\u00f1ado por el arquitecto Jos\u00e9 Marques da Silva,<\/strong> con influencias de la arquitectura Beaux-Arts francesa, funciona como terminal de las l\u00edneas suburbanas de Oporto y como punto de partida de la esc\u00e9nica l\u00ednea del Duero. Las paredes de la estaci\u00f3n se convierten as\u00ed en un libro abierto de historia portuguesa, <strong>donde cada viajero puede leer, mientras espera su tren, los episodios que definieron la identidad del pa\u00eds.<\/strong><\/p>\n<figure id=\"attachment_499\" aria-describedby=\"caption-attachment-499\" style=\"width: 1014px\" class=\"wp-caption alignnone\"><img decoding=\"async\" class=\"size-large wp-image-499\" src=\"https:\/\/www.momparquitectura.com\/blog\/wp-content\/uploads\/2026\/01\/Estacion-de-Sao-Bento-Oporto-1024x695.png\" alt=\"Foto del interior de la estaci\u00f3 de Sao Bento, en Oporto, decorado con m\u00e1s de 20.000 azulejos.\" width=\"1024\" height=\"695\" srcset=\"https:\/\/www.momparquitectura.com\/blog\/wp-content\/uploads\/2026\/01\/Estacion-de-Sao-Bento-Oporto-1024x695.png 1024w, https:\/\/www.momparquitectura.com\/blog\/wp-content\/uploads\/2026\/01\/Estacion-de-Sao-Bento-Oporto-300x204.png 300w, https:\/\/www.momparquitectura.com\/blog\/wp-content\/uploads\/2026\/01\/Estacion-de-Sao-Bento-Oporto-768x521.png 768w, https:\/\/www.momparquitectura.com\/blog\/wp-content\/uploads\/2026\/01\/Estacion-de-Sao-Bento-Oporto.png 1272w\" sizes=\"(max-width: 1024px) 100vw, 1024px\" \/><figcaption id=\"caption-attachment-499\" class=\"wp-caption-text\">El interior de la estaci\u00f3 de Sao Bento, en Oporto, est\u00e1 decorado con m\u00e1s de 20.000 azulejos.<\/figcaption><\/figure>\n<p>&nbsp;<\/p>\n<h2><strong>Milano Centrale (Mil\u00e1n)<\/strong><\/h2>\n<p>La <strong>estaci\u00f3n Central de Mil\u00e1n<\/strong> es una de las principales terminales ferroviarias de Europa, y su arquitectura refleja el momento hist\u00f3rico en que fue construida. Inaugurada en 1931 siguiendo el modelo de la Union Station de Washington DC, su fachada bati\u00f3 r\u00e9cords en su momento con 200 metros de ancho, mientras que su b\u00f3veda alcanza los 72 metros de altura.<\/p>\n<p>La estaci\u00f3n <strong>no tiene un estilo arquitect\u00f3nico definido<\/strong>, sino que es una mezcla de <strong>Art Nouveau y Art Deco,<\/strong> aunque su monumentalidad evidencia la influencia de la arquitectura fascista de la \u00e9poca.<\/p>\n<p>Las esculturas que adornan el edificio y la escala de sus espacios interiores buscan impresionar al viajero con una declaraci\u00f3n de poder y modernidad.<\/p>\n<p>M\u00e1s all\u00e1 de su est\u00e9tica controvertida,<strong> Milano Centrale funciona como un espacio extraordinariamente eficiente<\/strong> que conecta el norte de Italia con el resto de Europa. Sus andenes, distribuidos en m\u00faltiples niveles, gestionan millones de pasajeros anuales sin perder el car\u00e1cter monumental que la define.<\/p>\n<p>La b\u00f3veda central de acero y cristal cubre los andenes creando una atm\u00f3sfera \u00fanica donde la luz natural se filtra a trav\u00e9s de la estructura, <strong>recordando que incluso en edificios marcados por su \u00e9poca, la funcionalidad y la experiencia espacial pueden coexistir.<\/strong><\/p>\n<figure id=\"attachment_500\" aria-describedby=\"caption-attachment-500\" style=\"width: 1014px\" class=\"wp-caption alignnone\"><img loading=\"lazy\" decoding=\"async\" class=\"size-large wp-image-500\" src=\"https:\/\/www.momparquitectura.com\/blog\/wp-content\/uploads\/2026\/01\/Estacion-de-Milano-Centrale-1024x574.png\" alt=\"Foto del exterior de la Estaci\u00f3n de Milano Centrale en la ciudad de Mil\u00e1n.\" width=\"1024\" height=\"574\" srcset=\"https:\/\/www.momparquitectura.com\/blog\/wp-content\/uploads\/2026\/01\/Estacion-de-Milano-Centrale-1024x574.png 1024w, https:\/\/www.momparquitectura.com\/blog\/wp-content\/uploads\/2026\/01\/Estacion-de-Milano-Centrale-300x168.png 300w, https:\/\/www.momparquitectura.com\/blog\/wp-content\/uploads\/2026\/01\/Estacion-de-Milano-Centrale-768x431.png 768w, https:\/\/www.momparquitectura.com\/blog\/wp-content\/uploads\/2026\/01\/Estacion-de-Milano-Centrale.png 1330w\" sizes=\"(max-width: 1024px) 100vw, 1024px\" \/><figcaption id=\"caption-attachment-500\" class=\"wp-caption-text\">As\u00ed luce la Estaci\u00f3n de Milano Centrale, que conecta el norte de Italia con el resto de Centroeuropa.<\/figcaption><\/figure>\n<p>&nbsp;<\/p>\n<h2><strong>Amberes-Central (B\u00e9lgica)<\/strong><\/h2>\n<p><strong>Amberes-Central<\/strong> se construy\u00f3 entre 1895 y 1905 y es conocida como la \u00abCatedral de las Estaciones\u00bb. Su arquitectura barroca y sus dimensiones espectaculares la convierten en una parada obligatoria incluso para quienes no tienen intenci\u00f3n de tomar un tren.<\/p>\n<p>El vest\u00edbulo est\u00e1 formado por una gran c\u00fapula revestida de piedra y flanqueada por ocho torres, <strong>mientras que la estructura de hierro y vidrio que cubre las v\u00edas mide 185 metros de largo y 44 metros de altura.<\/strong><\/p>\n<p>En las \u00faltimas d\u00e9cadas, la estaci\u00f3n ha incorporado un centro comercial y a\u00f1adido nuevos niveles de v\u00edas adaptadas a los trenes de alta velocidad. Esta intervenci\u00f3n demuestra c\u00f3mo la arquitectura hist\u00f3rica y la ingenier\u00eda moderna pueden coexistir: <strong>cuatro niveles de v\u00edas superpuestas funcionan bajo la c\u00fapula original, sin comprometer la monumentalidad del edificio centenario.<\/strong> La estaci\u00f3n es un ejemplo perfecto de patrimonio vivo, un edificio que no solo se conserva como pieza de museo sino que evoluciona para seguir siendo funcional en el siglo XXI.<\/p>\n<p>El edificio revestido en piedra muestra un lujo decorativo que <strong>refleja la importancia econ\u00f3mica de Amberes a finales del siglo XIX,<\/strong> cuando la ciudad era uno de los principales puertos comerciales de Europa.<\/p>\n<figure id=\"attachment_502\" aria-describedby=\"caption-attachment-502\" style=\"width: 1003px\" class=\"wp-caption alignnone\"><img loading=\"lazy\" decoding=\"async\" class=\"size-full wp-image-502\" src=\"https:\/\/www.momparquitectura.com\/blog\/wp-content\/uploads\/2026\/01\/Estacion-Central-de-Amberes.jpg\" alt=\"Foto del exterior de la estaci\u00f3n central de Amberes, conocida como &quot;La Catedral de las Estaciones&quot;,\" width=\"1013\" height=\"810\" srcset=\"https:\/\/www.momparquitectura.com\/blog\/wp-content\/uploads\/2026\/01\/Estacion-Central-de-Amberes.jpg 1013w, https:\/\/www.momparquitectura.com\/blog\/wp-content\/uploads\/2026\/01\/Estacion-Central-de-Amberes-300x240.jpg 300w, https:\/\/www.momparquitectura.com\/blog\/wp-content\/uploads\/2026\/01\/Estacion-Central-de-Amberes-768x614.jpg 768w\" sizes=\"(max-width: 1013px) 100vw, 1013px\" \/><figcaption id=\"caption-attachment-502\" class=\"wp-caption-text\">La estaci\u00f3n central de Amberes es conocida como \u00abLa Catedral de las Estaciones\u00bb<\/figcaption><\/figure>\n<p>&nbsp;<\/p>\n<h2><strong>El legado arquitect\u00f3nico ferroviario<\/strong><\/h2>\n<p>Estas cinco estaciones <strong>demuestran que los espacios de infraestructura pueden aspirar a la categor\u00eda de arquitectura memorable sin renunciar a su funci\u00f3n primaria.<\/strong> Desde la fusi\u00f3n cultural de Mumbai hasta la evoluci\u00f3n t\u00e9cnica de Amberes, pasando por la narrativa en azulejo de S\u00e3o Bento, cada una de estas terminales ofrece una lecci\u00f3n sobre c\u00f3mo la forma y la funci\u00f3n pueden coexistir sin que una sacrifique a la otra.<\/p>\n<p>En un momento donde la arquitectura de transporte tiende a priorizar la eficiencia operativa sobre la experiencia del usuario, <strong>estas estaciones recuerdan que los espacios de tr\u00e1nsito pueden ser tambi\u00e9n espacios de contemplaci\u00f3n, identidad urbana y memoria colectiva.<\/strong> No son solo edificios funcionales: son umbrales que median entre la ciudad y el viajero, estructuras que comunican algo esencial sobre el lugar antes de que pises la calle.<\/p>\n<p>Las grandes estaciones de tren siguen siendo, incluso hoy, puertas de entrada que hablan.<strong> Y lo que dicen sobre sus ciudades vale la pena escucharlo.<\/strong><\/p>\n<p><!-- notionvc: 25e279b7-f3bc-4f49-80eb-7b6961f4a4d2 --><\/p>\n","protected":false},"excerpt":{"rendered":"<p>Las grandes estaciones de tren siguen siendo, incluso hoy, puertas de entrada que hablan. Y lo que dicen sobre sus ciudades vale la pena escucharlo.<\/p>\n","protected":false},"author":2,"featured_media":503,"comment_status":"open","ping_status":"open","sticky":false,"template":"","format":"standard","meta":{"_acf_changed":false,"footnotes":""},"categories":[10],"tags":[],"class_list":["post-495","post","type-post","status-publish","format-standard","has-post-thumbnail","hentry","category-arquitectura"],"acf":[],"yoast_head":"<!-- This site is optimized with the Yoast SEO plugin v26.2 - https:\/\/yoast.com\/wordpress\/plugins\/seo\/ -->\n<title>5 estaciones de tren cl\u00e1sicas que son aut\u00e9nticas joyas arquitect\u00f3nicas - MOMP Estudio<\/title>\n<meta name=\"description\" content=\"Las grandes estaciones de tren siguen siendo, incluso hoy, puertas de entrada que hablan. Y lo que dicen sobre sus ciudades vale la pena escucharlo.\" \/>\n<meta name=\"robots\" content=\"index, follow, max-snippet:-1, max-image-preview:large, max-video-preview:-1\" \/>\n<link rel=\"canonical\" href=\"https:\/\/www.momparquitectura.com\/blog\/arquitectura\/5-estaciones-de-tren-clasicas-que-son-autenticas-joyas-arquitectonicas\/\" \/>\n<meta property=\"og:locale\" content=\"es_ES\" \/>\n<meta property=\"og:type\" content=\"article\" \/>\n<meta property=\"og:title\" content=\"5 estaciones de tren cl\u00e1sicas que son aut\u00e9nticas joyas arquitect\u00f3nicas - MOMP Estudio\" \/>\n<meta property=\"og:description\" content=\"Las grandes estaciones de tren siguen siendo, incluso hoy, puertas de entrada que hablan. Y lo que dicen sobre sus ciudades vale la pena escucharlo.\" \/>\n<meta property=\"og:url\" content=\"https:\/\/www.momparquitectura.com\/blog\/arquitectura\/5-estaciones-de-tren-clasicas-que-son-autenticas-joyas-arquitectonicas\/\" \/>\n<meta property=\"og:site_name\" content=\"MOMP Estudio\" \/>\n<meta property=\"article:author\" content=\"https:\/\/www.facebook.com\/momparquitectura?locale=es_ES\" \/>\n<meta property=\"article:published_time\" content=\"2026-01-19T18:17:43+00:00\" \/>\n<meta property=\"og:image\" content=\"https:\/\/www.momparquitectura.com\/blog\/wp-content\/uploads\/2026\/01\/estaciones-de-trenes-que-son-autenticas-joyas-arquitectonicas-scaled.jpg\" \/>\n\t<meta property=\"og:image:width\" content=\"2560\" \/>\n\t<meta property=\"og:image:height\" content=\"1920\" \/>\n\t<meta property=\"og:image:type\" content=\"image\/jpeg\" \/>\n<meta name=\"author\" content=\"Rafa Garc\u00eda Devesa\" \/>\n<meta name=\"twitter:card\" content=\"summary_large_image\" \/>\n<meta name=\"twitter:label1\" content=\"Escrito por\" \/>\n\t<meta name=\"twitter:data1\" content=\"Rafa Garc\u00eda Devesa\" \/>\n\t<meta name=\"twitter:label2\" content=\"Tiempo de lectura\" \/>\n\t<meta name=\"twitter:data2\" content=\"8 minutos\" \/>\n<script type=\"application\/ld+json\" class=\"yoast-schema-graph\">{\"@context\":\"https:\/\/schema.org\",\"@graph\":[{\"@type\":\"Article\",\"@id\":\"https:\/\/www.momparquitectura.com\/blog\/arquitectura\/5-estaciones-de-tren-clasicas-que-son-autenticas-joyas-arquitectonicas\/#article\",\"isPartOf\":{\"@id\":\"https:\/\/www.momparquitectura.com\/blog\/arquitectura\/5-estaciones-de-tren-clasicas-que-son-autenticas-joyas-arquitectonicas\/\"},\"author\":{\"name\":\"Rafa Garc\u00eda Devesa\",\"@id\":\"https:\/\/www.momparquitectura.com\/blog\/#\/schema\/person\/ca5d7ec77e267e4f0af0d5250dc3f8af\"},\"headline\":\"5 estaciones de tren cl\u00e1sicas que son aut\u00e9nticas joyas arquitect\u00f3nicas\",\"datePublished\":\"2026-01-19T18:17:43+00:00\",\"mainEntityOfPage\":{\"@id\":\"https:\/\/www.momparquitectura.com\/blog\/arquitectura\/5-estaciones-de-tren-clasicas-que-son-autenticas-joyas-arquitectonicas\/\"},\"wordCount\":1572,\"commentCount\":0,\"publisher\":{\"@id\":\"https:\/\/www.momparquitectura.com\/blog\/#organization\"},\"image\":{\"@id\":\"https:\/\/www.momparquitectura.com\/blog\/arquitectura\/5-estaciones-de-tren-clasicas-que-son-autenticas-joyas-arquitectonicas\/#primaryimage\"},\"thumbnailUrl\":\"https:\/\/www.momparquitectura.com\/blog\/wp-content\/uploads\/2026\/01\/estaciones-de-trenes-que-son-autenticas-joyas-arquitectonicas-scaled.jpg\",\"articleSection\":[\"Arquitectura\"],\"inLanguage\":\"es\",\"potentialAction\":[{\"@type\":\"CommentAction\",\"name\":\"Comment\",\"target\":[\"https:\/\/www.momparquitectura.com\/blog\/arquitectura\/5-estaciones-de-tren-clasicas-que-son-autenticas-joyas-arquitectonicas\/#respond\"]}]},{\"@type\":\"WebPage\",\"@id\":\"https:\/\/www.momparquitectura.com\/blog\/arquitectura\/5-estaciones-de-tren-clasicas-que-son-autenticas-joyas-arquitectonicas\/\",\"url\":\"https:\/\/www.momparquitectura.com\/blog\/arquitectura\/5-estaciones-de-tren-clasicas-que-son-autenticas-joyas-arquitectonicas\/\",\"name\":\"5 estaciones de tren cl\u00e1sicas que son aut\u00e9nticas joyas arquitect\u00f3nicas - MOMP Estudio\",\"isPartOf\":{\"@id\":\"https:\/\/www.momparquitectura.com\/blog\/#website\"},\"primaryImageOfPage\":{\"@id\":\"https:\/\/www.momparquitectura.com\/blog\/arquitectura\/5-estaciones-de-tren-clasicas-que-son-autenticas-joyas-arquitectonicas\/#primaryimage\"},\"image\":{\"@id\":\"https:\/\/www.momparquitectura.com\/blog\/arquitectura\/5-estaciones-de-tren-clasicas-que-son-autenticas-joyas-arquitectonicas\/#primaryimage\"},\"thumbnailUrl\":\"https:\/\/www.momparquitectura.com\/blog\/wp-content\/uploads\/2026\/01\/estaciones-de-trenes-que-son-autenticas-joyas-arquitectonicas-scaled.jpg\",\"datePublished\":\"2026-01-19T18:17:43+00:00\",\"description\":\"Las grandes estaciones de tren siguen siendo, incluso hoy, puertas de entrada que hablan. Y lo que dicen sobre sus ciudades vale la pena escucharlo.\",\"breadcrumb\":{\"@id\":\"https:\/\/www.momparquitectura.com\/blog\/arquitectura\/5-estaciones-de-tren-clasicas-que-son-autenticas-joyas-arquitectonicas\/#breadcrumb\"},\"inLanguage\":\"es\",\"potentialAction\":[{\"@type\":\"ReadAction\",\"target\":[\"https:\/\/www.momparquitectura.com\/blog\/arquitectura\/5-estaciones-de-tren-clasicas-que-son-autenticas-joyas-arquitectonicas\/\"]}]},{\"@type\":\"ImageObject\",\"inLanguage\":\"es\",\"@id\":\"https:\/\/www.momparquitectura.com\/blog\/arquitectura\/5-estaciones-de-tren-clasicas-que-son-autenticas-joyas-arquitectonicas\/#primaryimage\",\"url\":\"https:\/\/www.momparquitectura.com\/blog\/wp-content\/uploads\/2026\/01\/estaciones-de-trenes-que-son-autenticas-joyas-arquitectonicas-scaled.jpg\",\"contentUrl\":\"https:\/\/www.momparquitectura.com\/blog\/wp-content\/uploads\/2026\/01\/estaciones-de-trenes-que-son-autenticas-joyas-arquitectonicas-scaled.jpg\",\"width\":2560,\"height\":1920},{\"@type\":\"BreadcrumbList\",\"@id\":\"https:\/\/www.momparquitectura.com\/blog\/arquitectura\/5-estaciones-de-tren-clasicas-que-son-autenticas-joyas-arquitectonicas\/#breadcrumb\",\"itemListElement\":[{\"@type\":\"ListItem\",\"position\":1,\"name\":\"Portada\",\"item\":\"https:\/\/www.momparquitectura.com\/blog\/\"},{\"@type\":\"ListItem\",\"position\":2,\"name\":\"5 estaciones de tren cl\u00e1sicas que son aut\u00e9nticas joyas arquitect\u00f3nicas\"}]},{\"@type\":\"WebSite\",\"@id\":\"https:\/\/www.momparquitectura.com\/blog\/#website\",\"url\":\"https:\/\/www.momparquitectura.com\/blog\/\",\"name\":\"MOMP Estudio\",\"description\":\"Noticias y art\u00edculos de opini\u00f3n de arquitectura, interiorismo y vivienda\",\"publisher\":{\"@id\":\"https:\/\/www.momparquitectura.com\/blog\/#organization\"},\"potentialAction\":[{\"@type\":\"SearchAction\",\"target\":{\"@type\":\"EntryPoint\",\"urlTemplate\":\"https:\/\/www.momparquitectura.com\/blog\/?s={search_term_string}\"},\"query-input\":{\"@type\":\"PropertyValueSpecification\",\"valueRequired\":true,\"valueName\":\"search_term_string\"}}],\"inLanguage\":\"es\"},{\"@type\":\"Organization\",\"@id\":\"https:\/\/www.momparquitectura.com\/blog\/#organization\",\"name\":\"MOMP Estudio\",\"url\":\"https:\/\/www.momparquitectura.com\/blog\/\",\"logo\":{\"@type\":\"ImageObject\",\"inLanguage\":\"es\",\"@id\":\"https:\/\/www.momparquitectura.com\/blog\/#\/schema\/logo\/image\/\",\"url\":\"https:\/\/www.momparquitectura.com\/blog\/wp-content\/uploads\/2025\/08\/MOMP-ESTUDIO-ARQUITECTURA-DISENO-INTERIORES.png\",\"contentUrl\":\"https:\/\/www.momparquitectura.com\/blog\/wp-content\/uploads\/2025\/08\/MOMP-ESTUDIO-ARQUITECTURA-DISENO-INTERIORES.png\",\"width\":1778,\"height\":194,\"caption\":\"MOMP Estudio\"},\"image\":{\"@id\":\"https:\/\/www.momparquitectura.com\/blog\/#\/schema\/logo\/image\/\"}},{\"@type\":\"Person\",\"@id\":\"https:\/\/www.momparquitectura.com\/blog\/#\/schema\/person\/ca5d7ec77e267e4f0af0d5250dc3f8af\",\"name\":\"Rafa Garc\u00eda Devesa\",\"image\":{\"@type\":\"ImageObject\",\"inLanguage\":\"es\",\"@id\":\"https:\/\/www.momparquitectura.com\/blog\/#\/schema\/person\/image\/\",\"url\":\"https:\/\/www.momparquitectura.com\/blog\/wp-content\/uploads\/2025\/10\/rafa-MOMP-arquitectura-150x150.jpg\",\"contentUrl\":\"https:\/\/www.momparquitectura.com\/blog\/wp-content\/uploads\/2025\/10\/rafa-MOMP-arquitectura-150x150.jpg\",\"caption\":\"Rafa Garc\u00eda Devesa\"},\"description\":\"Arquitecto y empresario. Director de MOMP ESTUDIO, donde combino la t\u00e9cnica y el dise\u00f1o con la direcci\u00f3n y gesti\u00f3n integral de proyectos. Mi labor se centra en impulsar una arquitectura contempor\u00e1nea, rigurosa y sensible, entendida como un proceso coordinado entre t\u00e9cnica, personas y prop\u00f3sito.\",\"sameAs\":[\"https:\/\/momparquitectura.com\/\",\"https:\/\/www.facebook.com\/momparquitectura?locale=es_ES\",\"https:\/\/www.instagram.com\/momparquitectura\/\",\"https:\/\/www.linkedin.com\/in\/rafael-garcia-devesa-060343183\/\"],\"url\":\"https:\/\/www.momparquitectura.com\/blog\/author\/administracion_rafa\/\"}]}<\/script>\n<!-- \/ Yoast SEO plugin. -->","yoast_head_json":{"title":"5 estaciones de tren cl\u00e1sicas que son aut\u00e9nticas joyas arquitect\u00f3nicas - MOMP Estudio","description":"Las grandes estaciones de tren siguen siendo, incluso hoy, puertas de entrada que hablan. Y lo que dicen sobre sus ciudades vale la pena escucharlo.","robots":{"index":"index","follow":"follow","max-snippet":"max-snippet:-1","max-image-preview":"max-image-preview:large","max-video-preview":"max-video-preview:-1"},"canonical":"https:\/\/www.momparquitectura.com\/blog\/arquitectura\/5-estaciones-de-tren-clasicas-que-son-autenticas-joyas-arquitectonicas\/","og_locale":"es_ES","og_type":"article","og_title":"5 estaciones de tren cl\u00e1sicas que son aut\u00e9nticas joyas arquitect\u00f3nicas - MOMP Estudio","og_description":"Las grandes estaciones de tren siguen siendo, incluso hoy, puertas de entrada que hablan. Y lo que dicen sobre sus ciudades vale la pena escucharlo.","og_url":"https:\/\/www.momparquitectura.com\/blog\/arquitectura\/5-estaciones-de-tren-clasicas-que-son-autenticas-joyas-arquitectonicas\/","og_site_name":"MOMP Estudio","article_author":"https:\/\/www.facebook.com\/momparquitectura?locale=es_ES","article_published_time":"2026-01-19T18:17:43+00:00","og_image":[{"width":2560,"height":1920,"url":"https:\/\/www.momparquitectura.com\/blog\/wp-content\/uploads\/2026\/01\/estaciones-de-trenes-que-son-autenticas-joyas-arquitectonicas-scaled.jpg","type":"image\/jpeg"}],"author":"Rafa Garc\u00eda Devesa","twitter_card":"summary_large_image","twitter_misc":{"Escrito por":"Rafa Garc\u00eda Devesa","Tiempo de lectura":"8 minutos"},"schema":{"@context":"https:\/\/schema.org","@graph":[{"@type":"Article","@id":"https:\/\/www.momparquitectura.com\/blog\/arquitectura\/5-estaciones-de-tren-clasicas-que-son-autenticas-joyas-arquitectonicas\/#article","isPartOf":{"@id":"https:\/\/www.momparquitectura.com\/blog\/arquitectura\/5-estaciones-de-tren-clasicas-que-son-autenticas-joyas-arquitectonicas\/"},"author":{"name":"Rafa Garc\u00eda Devesa","@id":"https:\/\/www.momparquitectura.com\/blog\/#\/schema\/person\/ca5d7ec77e267e4f0af0d5250dc3f8af"},"headline":"5 estaciones de tren cl\u00e1sicas que son aut\u00e9nticas joyas arquitect\u00f3nicas","datePublished":"2026-01-19T18:17:43+00:00","mainEntityOfPage":{"@id":"https:\/\/www.momparquitectura.com\/blog\/arquitectura\/5-estaciones-de-tren-clasicas-que-son-autenticas-joyas-arquitectonicas\/"},"wordCount":1572,"commentCount":0,"publisher":{"@id":"https:\/\/www.momparquitectura.com\/blog\/#organization"},"image":{"@id":"https:\/\/www.momparquitectura.com\/blog\/arquitectura\/5-estaciones-de-tren-clasicas-que-son-autenticas-joyas-arquitectonicas\/#primaryimage"},"thumbnailUrl":"https:\/\/www.momparquitectura.com\/blog\/wp-content\/uploads\/2026\/01\/estaciones-de-trenes-que-son-autenticas-joyas-arquitectonicas-scaled.jpg","articleSection":["Arquitectura"],"inLanguage":"es","potentialAction":[{"@type":"CommentAction","name":"Comment","target":["https:\/\/www.momparquitectura.com\/blog\/arquitectura\/5-estaciones-de-tren-clasicas-que-son-autenticas-joyas-arquitectonicas\/#respond"]}]},{"@type":"WebPage","@id":"https:\/\/www.momparquitectura.com\/blog\/arquitectura\/5-estaciones-de-tren-clasicas-que-son-autenticas-joyas-arquitectonicas\/","url":"https:\/\/www.momparquitectura.com\/blog\/arquitectura\/5-estaciones-de-tren-clasicas-que-son-autenticas-joyas-arquitectonicas\/","name":"5 estaciones de tren cl\u00e1sicas que son aut\u00e9nticas joyas arquitect\u00f3nicas - MOMP Estudio","isPartOf":{"@id":"https:\/\/www.momparquitectura.com\/blog\/#website"},"primaryImageOfPage":{"@id":"https:\/\/www.momparquitectura.com\/blog\/arquitectura\/5-estaciones-de-tren-clasicas-que-son-autenticas-joyas-arquitectonicas\/#primaryimage"},"image":{"@id":"https:\/\/www.momparquitectura.com\/blog\/arquitectura\/5-estaciones-de-tren-clasicas-que-son-autenticas-joyas-arquitectonicas\/#primaryimage"},"thumbnailUrl":"https:\/\/www.momparquitectura.com\/blog\/wp-content\/uploads\/2026\/01\/estaciones-de-trenes-que-son-autenticas-joyas-arquitectonicas-scaled.jpg","datePublished":"2026-01-19T18:17:43+00:00","description":"Las grandes estaciones de tren siguen siendo, incluso hoy, puertas de entrada que hablan. Y lo que dicen sobre sus ciudades vale la pena escucharlo.","breadcrumb":{"@id":"https:\/\/www.momparquitectura.com\/blog\/arquitectura\/5-estaciones-de-tren-clasicas-que-son-autenticas-joyas-arquitectonicas\/#breadcrumb"},"inLanguage":"es","potentialAction":[{"@type":"ReadAction","target":["https:\/\/www.momparquitectura.com\/blog\/arquitectura\/5-estaciones-de-tren-clasicas-que-son-autenticas-joyas-arquitectonicas\/"]}]},{"@type":"ImageObject","inLanguage":"es","@id":"https:\/\/www.momparquitectura.com\/blog\/arquitectura\/5-estaciones-de-tren-clasicas-que-son-autenticas-joyas-arquitectonicas\/#primaryimage","url":"https:\/\/www.momparquitectura.com\/blog\/wp-content\/uploads\/2026\/01\/estaciones-de-trenes-que-son-autenticas-joyas-arquitectonicas-scaled.jpg","contentUrl":"https:\/\/www.momparquitectura.com\/blog\/wp-content\/uploads\/2026\/01\/estaciones-de-trenes-que-son-autenticas-joyas-arquitectonicas-scaled.jpg","width":2560,"height":1920},{"@type":"BreadcrumbList","@id":"https:\/\/www.momparquitectura.com\/blog\/arquitectura\/5-estaciones-de-tren-clasicas-que-son-autenticas-joyas-arquitectonicas\/#breadcrumb","itemListElement":[{"@type":"ListItem","position":1,"name":"Portada","item":"https:\/\/www.momparquitectura.com\/blog\/"},{"@type":"ListItem","position":2,"name":"5 estaciones de tren cl\u00e1sicas que son aut\u00e9nticas joyas arquitect\u00f3nicas"}]},{"@type":"WebSite","@id":"https:\/\/www.momparquitectura.com\/blog\/#website","url":"https:\/\/www.momparquitectura.com\/blog\/","name":"MOMP Estudio","description":"Noticias y art\u00edculos de opini\u00f3n de arquitectura, interiorismo y vivienda","publisher":{"@id":"https:\/\/www.momparquitectura.com\/blog\/#organization"},"potentialAction":[{"@type":"SearchAction","target":{"@type":"EntryPoint","urlTemplate":"https:\/\/www.momparquitectura.com\/blog\/?s={search_term_string}"},"query-input":{"@type":"PropertyValueSpecification","valueRequired":true,"valueName":"search_term_string"}}],"inLanguage":"es"},{"@type":"Organization","@id":"https:\/\/www.momparquitectura.com\/blog\/#organization","name":"MOMP Estudio","url":"https:\/\/www.momparquitectura.com\/blog\/","logo":{"@type":"ImageObject","inLanguage":"es","@id":"https:\/\/www.momparquitectura.com\/blog\/#\/schema\/logo\/image\/","url":"https:\/\/www.momparquitectura.com\/blog\/wp-content\/uploads\/2025\/08\/MOMP-ESTUDIO-ARQUITECTURA-DISENO-INTERIORES.png","contentUrl":"https:\/\/www.momparquitectura.com\/blog\/wp-content\/uploads\/2025\/08\/MOMP-ESTUDIO-ARQUITECTURA-DISENO-INTERIORES.png","width":1778,"height":194,"caption":"MOMP Estudio"},"image":{"@id":"https:\/\/www.momparquitectura.com\/blog\/#\/schema\/logo\/image\/"}},{"@type":"Person","@id":"https:\/\/www.momparquitectura.com\/blog\/#\/schema\/person\/ca5d7ec77e267e4f0af0d5250dc3f8af","name":"Rafa Garc\u00eda Devesa","image":{"@type":"ImageObject","inLanguage":"es","@id":"https:\/\/www.momparquitectura.com\/blog\/#\/schema\/person\/image\/","url":"https:\/\/www.momparquitectura.com\/blog\/wp-content\/uploads\/2025\/10\/rafa-MOMP-arquitectura-150x150.jpg","contentUrl":"https:\/\/www.momparquitectura.com\/blog\/wp-content\/uploads\/2025\/10\/rafa-MOMP-arquitectura-150x150.jpg","caption":"Rafa Garc\u00eda Devesa"},"description":"Arquitecto y empresario. Director de MOMP ESTUDIO, donde combino la t\u00e9cnica y el dise\u00f1o con la direcci\u00f3n y gesti\u00f3n integral de proyectos. Mi labor se centra en impulsar una arquitectura contempor\u00e1nea, rigurosa y sensible, entendida como un proceso coordinado entre t\u00e9cnica, personas y prop\u00f3sito.","sameAs":["https:\/\/momparquitectura.com\/","https:\/\/www.facebook.com\/momparquitectura?locale=es_ES","https:\/\/www.instagram.com\/momparquitectura\/","https:\/\/www.linkedin.com\/in\/rafael-garcia-devesa-060343183\/"],"url":"https:\/\/www.momparquitectura.com\/blog\/author\/administracion_rafa\/"}]}},"_links":{"self":[{"href":"https:\/\/www.momparquitectura.com\/blog\/wp-json\/wp\/v2\/posts\/495","targetHints":{"allow":["GET"]}}],"collection":[{"href":"https:\/\/www.momparquitectura.com\/blog\/wp-json\/wp\/v2\/posts"}],"about":[{"href":"https:\/\/www.momparquitectura.com\/blog\/wp-json\/wp\/v2\/types\/post"}],"author":[{"embeddable":true,"href":"https:\/\/www.momparquitectura.com\/blog\/wp-json\/wp\/v2\/users\/2"}],"replies":[{"embeddable":true,"href":"https:\/\/www.momparquitectura.com\/blog\/wp-json\/wp\/v2\/comments?post=495"}],"version-history":[{"count":2,"href":"https:\/\/www.momparquitectura.com\/blog\/wp-json\/wp\/v2\/posts\/495\/revisions"}],"predecessor-version":[{"id":504,"href":"https:\/\/www.momparquitectura.com\/blog\/wp-json\/wp\/v2\/posts\/495\/revisions\/504"}],"wp:featuredmedia":[{"embeddable":true,"href":"https:\/\/www.momparquitectura.com\/blog\/wp-json\/wp\/v2\/media\/503"}],"wp:attachment":[{"href":"https:\/\/www.momparquitectura.com\/blog\/wp-json\/wp\/v2\/media?parent=495"}],"wp:term":[{"taxonomy":"category","embeddable":true,"href":"https:\/\/www.momparquitectura.com\/blog\/wp-json\/wp\/v2\/categories?post=495"},{"taxonomy":"post_tag","embeddable":true,"href":"https:\/\/www.momparquitectura.com\/blog\/wp-json\/wp\/v2\/tags?post=495"}],"curies":[{"name":"wp","href":"https:\/\/api.w.org\/{rel}","templated":true}]}}